{"id":9279,"date":"2018-07-24T11:54:07","date_gmt":"2018-07-24T14:54:07","guid":{"rendered":"http:\/\/hcd.malargue.gov.ar\/?p=9279"},"modified":"2018-07-24T12:06:42","modified_gmt":"2018-07-24T15:06:42","slug":"orden-del-dia-17o-sesion-ordinaria","status":"publish","type":"post","link":"https:\/\/hcd.malargue.gov.ar\/?p=9279","title":{"rendered":"ORDEN\u00a0 DEL DIA 17\u00ba SESION ORDINARIA"},"content":{"rendered":"<p><a href=\"http:\/\/hcd.malargue.gov.ar\/pdf\/17%20Sesion%20Ordinaria%2026%2007%202018.pdf\" target=\"_blank\" rel=\"noopener\"><img loading=\"lazy\" decoding=\"async\" class=\"wp-image-7950 alignright\" src=\"http:\/\/hcd.malargue.gov.ar\/wp-content\/uploads\/2018\/06\/PDF-JPG-300x300.jpg\" alt=\"\" width=\"86\" height=\"86\" srcset=\"https:\/\/hcd.malargue.gov.ar\/wp-content\/uploads\/2018\/06\/PDF-JPG-300x300.jpg 300w, https:\/\/hcd.malargue.gov.ar\/wp-content\/uploads\/2018\/06\/PDF-JPG-150x150.jpg 150w, https:\/\/hcd.malargue.gov.ar\/wp-content\/uploads\/2018\/06\/PDF-JPG.jpg 512w\" sizes=\"auto, (max-width: 86px) 100vw, 86px\" \/><\/a>D\u00eda Jueves 26 \u00a0de Julio \u00a0de 2018.-<\/p>\n<p>HORA: 8:50<\/p>\n<p><strong>BANCA DEL CIUDADANO<\/strong>: Sr. Ram\u00f3n An\u00edbal CARRIZO<\/p>\n<p><strong>Tema<\/strong>: Actual situaci\u00f3n\u00a0 Grupo Petroleros Desocupados de Malarg\u00fce<\/p>\n<ol>\n<li><strong><em>a) Acto de Izar la Ense\u00f1a Patria\u00a0 a cargo del\u00a0 <a href=\"https:\/\/www.facebook.com\/juanmanuel.ojeda.986\" target=\"_blank\" rel=\"noopener\">Concejal \u00a0Juan Manuel OJEDA <\/a><\/em><\/strong><\/li>\n<li><strong>b) Homenaje de los Se\u00f1ores Concejales.<\/strong><\/li>\n<li><strong>c) Consideraci\u00f3n Acta Sesi\u00f3n Ordinaria N\u00ba 988-\u201c0\u201d2018 <\/strong><\/li>\n<li><strong>d) Lectura del detalle de la correspondencia recibida y emitida. <\/strong><\/li>\n<li><strong>e) Determinaci\u00f3n de los temas que ser\u00e1n incluidos en el punto Asuntos Varios y puesta a consideraci\u00f3n de mociones de tratamientos sobre tablas de diversos expedientes.<\/strong><\/li>\n<li><strong>f) Proyectos de los Se\u00f1ores Concejales: <\/strong><\/li>\n<li>N\u00ba 4.420-HC 281-2018: Proyecto de Resoluci\u00f3n: Solicitar a Direcci\u00f3n Nacional de Vialidad construcci\u00f3n de rotonda sobre Ruta 40 Sur, ingreso al Loteo Independencia intersecci\u00f3n calle p\u00fablica 601 (BLOQUE CAMBIA MENDOZA) Autor: Concejal Juan Manuel OJEDA<\/li>\n<li>N\u00ba 4.421-HC 281-2018 Proyecto de Resoluci\u00f3n: Inclusi\u00f3n de la Ciudad de Malarg\u00fce en el Programa \u201cCiudades Sustentables\u201d del Ministerio de Ambiente y Desarrollo Sustentable. (BLOQUE CAMBIA MENDOZA) Autor: Concejal Juan Manuel OJEDA<\/li>\n<li>N\u00ba 4.422-HC -281-2018 Proyecto de Resoluci\u00f3n: Realizar desde el Plan Estrat\u00e9gico Malarg\u00fce estudio de mercado sobre potencial ruta a\u00e9rea Malarg\u00fce Mendoza y Mendoza- Malarg\u00fce \u00a0(BLOQUE CAMBIA MENDOZA) Autor: Concejal Juan Manuel OJEDA<\/li>\n<li>N\u00ba 4.423-HC 281-2018 Proyecto de Resoluci\u00f3n: Pedido de Informe. Comisi\u00f3n Organizadora Festival Nacional del Chivo Edici\u00f3n 2018 (BLOQUE FRENTE SOMOS MENDOZA) Autor: <a href=\"https:\/\/www.facebook.com\/daniela.favari.92\" target=\"_blank\" rel=\"noopener\">Concejal MAR\u00cdA Daniela FAVARI<\/a><\/li>\n<li>N\u00ba 4.424-HC 281-2018 Proyecto de Resoluci\u00f3n: Declarar de Inter\u00e9s Deportivo Departamental el 7\u00ba Torneo Nacional de Newcom Categor\u00eda +60, 3\u00ba Torneo Nacional Categor\u00eda +50 y 1\u00ba Torneo Nacional Categor\u00eda +40 (BLOQUE FRENTE \u00a0SOMOS MENDOZA) Autor : <a href=\"https:\/\/www.facebook.com\/barrojose1\" target=\"_blank\" rel=\"noopener\">Concejal Jos\u00e9 BARRO<\/a><\/li>\n<li><strong>g) Expedientes provenientes del Departamento Ejecutivo:<\/strong><\/li>\n<\/ol>\n<p>&#8211; No Ingresados-<\/p>\n<ol>\n<li><strong>h) Despachos de las Comisiones de Trabajo:<\/strong><\/li>\n<li>Nota HC-325-18 y Nota HC-348-2018\u00a0 Contador Gustavo Miras y Silvia Barre por AMATUR solicitan modificaci\u00f3n Ordenanza N\u00ba1861\/17 (E.H.M.A.S Y C)<\/li>\n<li>N\u00ba 4.394-HC 279-2018 Proyecto de Resoluci\u00f3n: Imponer el nombre de \u201cRa\u00fal Ricardo Alfons\u00edn\u201d al Hospital Regional Malarg\u00fce. (E.H.M.A.S Y C.)<\/li>\n<li>N\u00ba 4.405- HC 280-2018 Proyecto de Declaraci\u00f3n: Declarar de Inter\u00e9s Departamental y Cultural el Curso de Formaci\u00f3n Profesional Continua \u201cManejo de Equinos y Equitaci\u00f3n B\u00e1sica parta Guardaparques\u201d (E.H.M.A.S Y C )<\/li>\n<li>N\u00ba 4.412-HC 280-2018 Proyecto de Declaraci\u00f3n: Declarar de Inter\u00e9s Departamental Cultural y Educativo el Ciclo de Charlas \u201cLiderazgos presentes y futuros\u201d (E.H.M.A.S Y C)<\/li>\n<li>N\u00ba 4.415-HC- 281-2018 Proyecto de Ordenanza: Denominaci\u00f3n Jorge Luna al Museo Regional Malarg\u00fce (E.H.M.A.S Y C)<\/li>\n<li>Nota HC-223-18 Sra. Lorena M\u00e9ndez Banca del Ciudadano. Refrigerio para empleados municipales celiacos. (E.H.M.A.S Y C)<\/li>\n<li>N\u00ba 4.204-HC 266-2017 Proyecto de Resoluci\u00f3n: Solicitar al Departamento Ejecutivo Municipal, transfiera a la Esc. N\u00ba4-018 Gral. Manuel Nicol\u00e1s Savio Secundaria, el terreno donde se encuentra la cantera de yeso ubicada al Oeste del Departamento , conocida como Cantera de los Militares.(O.P.T Y R.N)<\/li>\n<li>N\u00ba 4.390-HC 279-2018 Proyecto de Resoluci\u00f3n: Requerir al Departamento Ejecutivo las gestiones para realizar la conexi\u00f3n a red de agua potable del Loteo \u201cBicentenario\u201d ubicado entre calles Villegas-Capdeville y Santa Cruz. (O.P.T Y R.N)<\/li>\n<li>N\u00ba 4.342-HC 275-2018 Proyecto de Resoluci\u00f3n: Repudiar el Decreto N\u00ba794\/2017por el cual se crea la Empresa CORREDORES VIALES S.A. (O.P.T Y R.N)<\/li>\n<li><strong>i) Asuntos Varios.-<\/strong><\/li>\n<li><strong>j) Acto de arriar el Pabell\u00f3n Nacional a cargo del \u00a0\u00a0concejal que lo iz\u00f3.-<\/strong><\/li>\n<\/ol>\n<p><strong>\u00a0\u00a0\u00a0\u00a0\u00a0\u00a0\u00a0\u00a0\u00a0\u00a0\u00a0\u00a0\u00a0\u00a0\u00a0\u00a0\u00a0\u00a0\u00a0\u00a0\u00a0\u00a0\u00a0\u00a0\u00a0\u00a0\u00a0\u00a0\u00a0\u00a0\u00a0\u00a0\u00a0\u00a0\u00a0\u00a0\u00a0\u00a0\u00a0\u00a0\u00a0\u00a0\u00a0\u00a0\u00a0\u00a0\u00a0\u00a0\u00a0\u00a0\u00a0\u00a0\u00a0\u00a0\u00a0\u00a0\u00a0\u00a0\u00a0\u00a0\u00a0\u00a0\u00a0\u00a0\u00a0\u00a0\u00a0\u00a0\u00a0 Presidencia \u00a0H.C.D \u00a024 \u00a0\u00a0de Julio \u00a0\u00a0de 2018.-<\/strong><\/p>\n<p><strong>CORRESPONDENCIA PARA LA SESION <\/strong><\/p>\n<p><strong>Del d\u00eda\u00a0 Jueves 26\u00a0 de Julio de 2.018 <\/strong><\/p>\n<p><strong>NOTAS INGRESADAS<\/strong><\/p>\n<ol>\n<li>Asociaci\u00f3n Comunitaria de Ranquil Norte, solicita colaboraci\u00f3n para realizaci\u00f3n de festejo de D\u00eda del Ni\u00f1o.<\/li>\n<li>Departamento Ejecutivo remite informe de Oficina Anticorrupci\u00f3n referido a Expte. N\u00ba 2932 HC 276\/2.018 Modalidad de ingreso a Jardines Maternales del Departamento.<\/li>\n<li>Daiana Varas Gerente de Incubadora de Empresas y Wanda Sandoval Secretaria de Promoci\u00f3n Econ\u00f3mica y Productiva, elevan informe de actividades realizadas en beneficio del Sector Ap\u00edcola Departamental.<\/li>\n<li>Fabiana Glatigny Delegada de Direcci\u00f3n Gral. De Escuelas, eleva informe respecto a Resoluci\u00f3n N\u00ba 171\/2.018 sistema de tratamiento de efluentes de la Escuela N\u00ba 8-443 H\u00e9ctor Cubo de Ranquil Norte, para conocimiento.<\/li>\n<\/ol>\n<p><strong>NOTAS\u00a0 EMITIDAS<\/strong><\/p>\n<ol>\n<li>A la Comisi\u00f3n Sanmartiniana de la Honorable C\u00e1mara de Senadores de la Provincia, remitiendo Resoluci\u00f3n N\u00ba 223\/2.018 disponiendo la postulaci\u00f3n del Dr. Juan Antonio Mussa como merecedor de la distinci\u00f3n anual \u201cGral. Jos\u00e9 de San Mart\u00edn\u201d<\/li>\n<li>A la Direcci\u00f3n de Diversi\u00f3n Nocturna, Ministerio de Seguridad remitiendo Resoluci\u00f3n N\u00ba 222\/2.018 solicitando informe de inspecciones realizadas en el Departamento de Malarg\u00fce.<\/li>\n<li>Al Sr. Intendente Municipal, remitiendo Nota HC 317\/2.018 Vecinos de Paraje La Junta, solicitando ocupaci\u00f3n de mano de obra local en construcci\u00f3n del Establecimiento Escolar Hugo Pierini.<\/li>\n<li>Al Sr. Secretario de Obras y Servicios P\u00fablicos, devoluci\u00f3n Nota HC 402\/2.018 para cumplimiento de procedimientos administrativos.<\/li>\n<li>Al Sr. Secretario de Gobierno remitiendo nota HC 393\/2.018 Alumnos Tecnicatura en Conservaci\u00f3n de la Naturaleza solicitud de colaboraci\u00f3n para viaje de estudios.<\/li>\n<li>Al Sr. Jefe Escuadr\u00f3n 29\u00ba Malarg\u00fce de Gendarmer\u00eda Nacional, remitiendo copia de Expte. N\u00ba 4.112 HC 259\/2.016 Prolongaci\u00f3n calle Ingeniero Barrera con conexi\u00f3n a Mart\u00edn Zapata y Santiago del Estero y La Pampa, solicitando informe al respecto.<\/li>\n<li>Al Sr. Ram\u00f3n An\u00edbal Carrizo, informando que podr\u00e1 hacer uso de Banca del Ciudadano.<\/li>\n<\/ol>\n<p>Marci9a Sep\u00falveda &#8211; Prensa hcHCD<\/p>\n<p>Fuente: Blanca Paez- Secretaria HCD<\/p>\n<p><strong>\u00a0<\/strong><\/p>\n<p><strong>\u00a0<\/strong><\/p>\n","protected":false},"excerpt":{"rendered":"<p>D\u00eda Jueves 26 \u00a0de Julio \u00a0de 2018.- HORA: 8:50 BANCA DEL CIUDADANO: Sr. Ram\u00f3n An\u00edbal CARRIZO Tema: Actual situaci\u00f3n\u00a0 Grupo Petroleros Desocupados de Malarg\u00fce a) Acto de Izar la Ense\u00f1a Patria\u00a0 a cargo del\u00a0 Concejal \u00a0Juan Manuel OJEDA b) Homenaje de los Se\u00f1ores Concejales. c) Consideraci\u00f3n Acta Sesi\u00f3n Ordinaria N\u00ba 988-\u201c0\u201d2018 d) Lectura del detalle [&hellip;]<\/p>\n","protected":false},"author":4,"featured_media":7947,"comment_status":"closed","ping_status":"closed","sticky":false,"template":"","format":"standard","meta":{"footnotes":""},"categories":[52,58,33,36],"tags":[],"class_list":["post-9279","post","type-post","status-publish","format-standard","has-post-thumbnail","hentry","category-gacetillas","category-ordinarias","category-prensa","category-sesiones"],"yoast_head":"<!-- This site is optimized with the Yoast SEO plugin v19.10 - https:\/\/yoast.com\/wordpress\/plugins\/seo\/ -->\n<title>ORDEN\u00a0 DEL DIA 17\u00ba SESION ORDINARIA - Malarg\u00fce HCD<\/title>\n<meta name=\"robots\" content=\"index, follow, max-snippet:-1, max-image-preview:large, max-video-preview:-1\" \/>\n<link rel=\"canonical\" href=\"https:\/\/hcd.malargue.gov.ar\/?p=9279\" \/>\n<meta property=\"og:locale\" content=\"es_ES\" \/>\n<meta property=\"og:type\" content=\"article\" \/>\n<meta property=\"og:title\" content=\"ORDEN\u00a0 DEL DIA 17\u00ba SESION ORDINARIA - Malarg\u00fce HCD\" \/>\n<meta property=\"og:description\" content=\"D\u00eda Jueves 26 \u00a0de Julio \u00a0de 2018.- HORA: 8:50 BANCA DEL CIUDADANO: Sr. Ram\u00f3n An\u00edbal CARRIZO Tema: Actual situaci\u00f3n\u00a0 Grupo Petroleros Desocupados de Malarg\u00fce a) Acto de Izar la Ense\u00f1a Patria\u00a0 a cargo del\u00a0 Concejal \u00a0Juan Manuel OJEDA b) Homenaje de los Se\u00f1ores Concejales. c) Consideraci\u00f3n Acta Sesi\u00f3n Ordinaria N\u00ba 988-\u201c0\u201d2018 d) Lectura del detalle [&hellip;]\" \/>\n<meta property=\"og:url\" content=\"https:\/\/hcd.malargue.gov.ar\/?p=9279\" \/>\n<meta property=\"og:site_name\" content=\"Malarg\u00fce HCD\" \/>\n<meta property=\"article:published_time\" content=\"2018-07-24T14:54:07+00:00\" \/>\n<meta property=\"article:modified_time\" content=\"2018-07-24T15:06:42+00:00\" \/>\n<meta property=\"og:image\" content=\"https:\/\/hcd.malargue.gov.ar\/wp-content\/uploads\/2018\/06\/orden-del-dia.jpg\" \/>\n\t<meta property=\"og:image:width\" content=\"960\" \/>\n\t<meta property=\"og:image:height\" content=\"433\" \/>\n\t<meta property=\"og:image:type\" content=\"image\/jpeg\" \/>\n<meta name=\"author\" content=\"Marcia Sepulveda\" \/>\n<meta name=\"twitter:card\" content=\"summary_large_image\" \/>\n<meta name=\"twitter:label1\" content=\"Escrito por\" \/>\n\t<meta name=\"twitter:data1\" content=\"Marcia Sepulveda\" \/>\n\t<meta name=\"twitter:label2\" content=\"Tiempo de lectura\" \/>\n\t<meta name=\"twitter:data2\" content=\"5 minutos\" \/>\n<script type=\"application\/ld+json\" class=\"yoast-schema-graph\">{\"@context\":\"https:\/\/schema.org\",\"@graph\":[{\"@type\":\"WebPage\",\"@id\":\"https:\/\/hcd.malargue.gov.ar\/?p=9279\",\"url\":\"https:\/\/hcd.malargue.gov.ar\/?p=9279\",\"name\":\"ORDEN\u00a0 DEL DIA 17\u00ba SESION ORDINARIA - Malarg\u00fce HCD\",\"isPartOf\":{\"@id\":\"https:\/\/hcd.malargue.gov.ar\/#website\"},\"datePublished\":\"2018-07-24T14:54:07+00:00\",\"dateModified\":\"2018-07-24T15:06:42+00:00\",\"author\":{\"@id\":\"https:\/\/hcd.malargue.gov.ar\/#\/schema\/person\/c02f28730a528313e04d34aba071fe06\"},\"breadcrumb\":{\"@id\":\"https:\/\/hcd.malargue.gov.ar\/?p=9279#breadcrumb\"},\"inLanguage\":\"es-AR\",\"potentialAction\":[{\"@type\":\"ReadAction\",\"target\":[\"https:\/\/hcd.malargue.gov.ar\/?p=9279\"]}]},{\"@type\":\"BreadcrumbList\",\"@id\":\"https:\/\/hcd.malargue.gov.ar\/?p=9279#breadcrumb\",\"itemListElement\":[{\"@type\":\"ListItem\",\"position\":1,\"name\":\"Inicio\",\"item\":\"https:\/\/hcd.malargue.gov.ar\/\"},{\"@type\":\"ListItem\",\"position\":2,\"name\":\"ORDEN\u00a0 DEL DIA 17\u00ba SESION ORDINARIA\"}]},{\"@type\":\"WebSite\",\"@id\":\"https:\/\/hcd.malargue.gov.ar\/#website\",\"url\":\"https:\/\/hcd.malargue.gov.ar\/\",\"name\":\"Malarg\u00fce HCD\",\"description\":\"Malarg\u00fce Mendoza Argentina\",\"potentialAction\":[{\"@type\":\"SearchAction\",\"target\":{\"@type\":\"EntryPoint\",\"urlTemplate\":\"https:\/\/hcd.malargue.gov.ar\/?s={search_term_string}\"},\"query-input\":\"required name=search_term_string\"}],\"inLanguage\":\"es-AR\"},{\"@type\":\"Person\",\"@id\":\"https:\/\/hcd.malargue.gov.ar\/#\/schema\/person\/c02f28730a528313e04d34aba071fe06\",\"name\":\"Marcia Sepulveda\",\"image\":{\"@type\":\"ImageObject\",\"inLanguage\":\"es-AR\",\"@id\":\"https:\/\/hcd.malargue.gov.ar\/#\/schema\/person\/image\/\",\"url\":\"https:\/\/secure.gravatar.com\/avatar\/3557e3bccdef0a5d4de0476d077c8920f0638f6f0bd05553351eb0e70d99f241?s=96&d=mm&r=g\",\"contentUrl\":\"https:\/\/secure.gravatar.com\/avatar\/3557e3bccdef0a5d4de0476d077c8920f0638f6f0bd05553351eb0e70d99f241?s=96&d=mm&r=g\",\"caption\":\"Marcia Sepulveda\"},\"url\":\"https:\/\/hcd.malargue.gov.ar\/?author=4\"}]}<\/script>\n<!-- \/ Yoast SEO plugin. -->","yoast_head_json":{"title":"ORDEN\u00a0 DEL DIA 17\u00ba SESION ORDINARIA - Malarg\u00fce HCD","robots":{"index":"index","follow":"follow","max-snippet":"max-snippet:-1","max-image-preview":"max-image-preview:large","max-video-preview":"max-video-preview:-1"},"canonical":"https:\/\/hcd.malargue.gov.ar\/?p=9279","og_locale":"es_ES","og_type":"article","og_title":"ORDEN\u00a0 DEL DIA 17\u00ba SESION ORDINARIA - Malarg\u00fce HCD","og_description":"D\u00eda Jueves 26 \u00a0de Julio \u00a0de 2018.- HORA: 8:50 BANCA DEL CIUDADANO: Sr. Ram\u00f3n An\u00edbal CARRIZO Tema: Actual situaci\u00f3n\u00a0 Grupo Petroleros Desocupados de Malarg\u00fce a) Acto de Izar la Ense\u00f1a Patria\u00a0 a cargo del\u00a0 Concejal \u00a0Juan Manuel OJEDA b) Homenaje de los Se\u00f1ores Concejales. c) Consideraci\u00f3n Acta Sesi\u00f3n Ordinaria N\u00ba 988-\u201c0\u201d2018 d) Lectura del detalle [&hellip;]","og_url":"https:\/\/hcd.malargue.gov.ar\/?p=9279","og_site_name":"Malarg\u00fce HCD","article_published_time":"2018-07-24T14:54:07+00:00","article_modified_time":"2018-07-24T15:06:42+00:00","og_image":[{"width":960,"height":433,"url":"https:\/\/hcd.malargue.gov.ar\/wp-content\/uploads\/2018\/06\/orden-del-dia.jpg","type":"image\/jpeg"}],"author":"Marcia Sepulveda","twitter_card":"summary_large_image","twitter_misc":{"Escrito por":"Marcia Sepulveda","Tiempo de lectura":"5 minutos"},"schema":{"@context":"https:\/\/schema.org","@graph":[{"@type":"WebPage","@id":"https:\/\/hcd.malargue.gov.ar\/?p=9279","url":"https:\/\/hcd.malargue.gov.ar\/?p=9279","name":"ORDEN\u00a0 DEL DIA 17\u00ba SESION ORDINARIA - Malarg\u00fce HCD","isPartOf":{"@id":"https:\/\/hcd.malargue.gov.ar\/#website"},"datePublished":"2018-07-24T14:54:07+00:00","dateModified":"2018-07-24T15:06:42+00:00","author":{"@id":"https:\/\/hcd.malargue.gov.ar\/#\/schema\/person\/c02f28730a528313e04d34aba071fe06"},"breadcrumb":{"@id":"https:\/\/hcd.malargue.gov.ar\/?p=9279#breadcrumb"},"inLanguage":"es-AR","potentialAction":[{"@type":"ReadAction","target":["https:\/\/hcd.malargue.gov.ar\/?p=9279"]}]},{"@type":"BreadcrumbList","@id":"https:\/\/hcd.malargue.gov.ar\/?p=9279#breadcrumb","itemListElement":[{"@type":"ListItem","position":1,"name":"Inicio","item":"https:\/\/hcd.malargue.gov.ar\/"},{"@type":"ListItem","position":2,"name":"ORDEN\u00a0 DEL DIA 17\u00ba SESION ORDINARIA"}]},{"@type":"WebSite","@id":"https:\/\/hcd.malargue.gov.ar\/#website","url":"https:\/\/hcd.malargue.gov.ar\/","name":"Malarg\u00fce HCD","description":"Malarg\u00fce Mendoza Argentina","potentialAction":[{"@type":"SearchAction","target":{"@type":"EntryPoint","urlTemplate":"https:\/\/hcd.malargue.gov.ar\/?s={search_term_string}"},"query-input":"required name=search_term_string"}],"inLanguage":"es-AR"},{"@type":"Person","@id":"https:\/\/hcd.malargue.gov.ar\/#\/schema\/person\/c02f28730a528313e04d34aba071fe06","name":"Marcia Sepulveda","image":{"@type":"ImageObject","inLanguage":"es-AR","@id":"https:\/\/hcd.malargue.gov.ar\/#\/schema\/person\/image\/","url":"https:\/\/secure.gravatar.com\/avatar\/3557e3bccdef0a5d4de0476d077c8920f0638f6f0bd05553351eb0e70d99f241?s=96&d=mm&r=g","contentUrl":"https:\/\/secure.gravatar.com\/avatar\/3557e3bccdef0a5d4de0476d077c8920f0638f6f0bd05553351eb0e70d99f241?s=96&d=mm&r=g","caption":"Marcia Sepulveda"},"url":"https:\/\/hcd.malargue.gov.ar\/?author=4"}]}},"_links":{"self":[{"href":"https:\/\/hcd.malargue.gov.ar\/index.php?rest_route=\/wp\/v2\/posts\/9279","targetHints":{"allow":["GET"]}}],"collection":[{"href":"https:\/\/hcd.malargue.gov.ar\/index.php?rest_route=\/wp\/v2\/posts"}],"about":[{"href":"https:\/\/hcd.malargue.gov.ar\/index.php?rest_route=\/wp\/v2\/types\/post"}],"author":[{"embeddable":true,"href":"https:\/\/hcd.malargue.gov.ar\/index.php?rest_route=\/wp\/v2\/users\/4"}],"replies":[{"embeddable":true,"href":"https:\/\/hcd.malargue.gov.ar\/index.php?rest_route=%2Fwp%2Fv2%2Fcomments&post=9279"}],"version-history":[{"count":0,"href":"https:\/\/hcd.malargue.gov.ar\/index.php?rest_route=\/wp\/v2\/posts\/9279\/revisions"}],"wp:featuredmedia":[{"embeddable":true,"href":"https:\/\/hcd.malargue.gov.ar\/index.php?rest_route=\/wp\/v2\/media\/7947"}],"wp:attachment":[{"href":"https:\/\/hcd.malargue.gov.ar\/index.php?rest_route=%2Fwp%2Fv2%2Fmedia&parent=9279"}],"wp:term":[{"taxonomy":"category","embeddable":true,"href":"https:\/\/hcd.malargue.gov.ar\/index.php?rest_route=%2Fwp%2Fv2%2Fcategories&post=9279"},{"taxonomy":"post_tag","embeddable":true,"href":"https:\/\/hcd.malargue.gov.ar\/index.php?rest_route=%2Fwp%2Fv2%2Ftags&post=9279"}],"curies":[{"name":"wp","href":"https:\/\/api.w.org\/{rel}","templated":true}]}}